{"id":9284,"date":"2020-11-10T15:01:15","date_gmt":"2020-11-10T14:01:15","guid":{"rendered":"https:\/\/www.nominette.com\/blog?p=9284"},"modified":"2020-11-10T15:01:16","modified_gmt":"2020-11-10T14:01:16","slug":"hvilken-etikettype-skal-du-velge","status":"publish","type":"post","link":"https:\/\/www.nominette.no\/blog\/faq-8\/hvilken-etikettype-skal-du-velge","title":{"rendered":"Hvilken etikettype skal du velge?"},"content":{"rendered":"\n<p><strong>Du har ditt eget klesmerke, butikk eller nettbutikk, eller s\u00e5 er du bare kreativ og \u00f8nsker \u00e5 ha egne vevde etiketter i produktene dine. Flott, siden dette gj\u00f8r produktene dine mer igjenkjennbare og profesjonelle. Men hvilken etikettype skal du velge? Hva b\u00f8r du ta hensyn til n\u00e5r du velger etikettype? Vi hjelper deg gjerne med \u00e5 finne ut av dette.<\/strong><\/p>\n\n\n\n<p>N\u00e5r du designer en etikett er det viktig at du tenker igjennom hvor og p\u00e5 hvilken m\u00e5te etiketten skal festes til produktet ditt. Med v\u00e5re <a rel=\"noreferrer noopener\" aria-label=\"etikette med logo (opens in a new tab)\" href=\"https:\/\/www.nominette.no\/etikett-med-logo\" target=\"_blank\">etikette med logo<\/a> eller <a rel=\"noreferrer noopener\" aria-label=\"vevde etiketter (opens in a new tab)\" href=\"https:\/\/www.nominette.no\/vevde-etiketter\" target=\"_blank\">vevde etiketter<\/a> er det forskjellige muligheter; <strong>sydd flatt p\u00e5 produktet\/ plagget eller sydd inn i en s\u00f8m. Vi forklarer forskjellen under.<\/strong><\/p>\n\n\n\n<h3 class=\"wp-block-heading\"><strong>Etikett med sidebrett<\/strong><\/h3>\n\n\n\n<p>En sidebrettet etikett, brettes inn i hver kortside og syes fast. Denne typen etikett blir ofte brukt i nakken p\u00e5 et klesplagg, eller sydd flatt p\u00e5 et produkt. Etter bretting (du m\u00e5 gj\u00f8re dette selv siden etikettene v\u00e5re leveres i remser eller p\u00e5 rull) kan etiketten syes fast p\u00e5 h\u00f8yre og venstre side. P\u00e5 denne m\u00e5ten vil etiketten ligge flatt p\u00e5 plagget. <\/p>\n\n\n\n<figure class=\"wp-block-image size-large\"><img loading=\"lazy\" decoding=\"async\" width=\"224\" height=\"110\" src=\"https:\/\/www.nominette.no\/blog\/wp-content\/uploads\/2020\/11\/Label-met-eindvouw.png\" alt=\"Hvilken etikettype skal du velge?\" class=\"wp-image-9209\"\/><\/figure>\n\n\n\n<figure class=\"wp-block-image size-large\"><img loading=\"lazy\" decoding=\"async\" width=\"1024\" height=\"683\" src=\"https:\/\/www.nominette.no\/blog\/wp-content\/uploads\/2020\/11\/Label-plaatsen-nominette-DIY1-laag-1024x683.jpg\" alt=\"Hvilken etikettype skal du velge?\" class=\"wp-image-9219\" srcset=\"https:\/\/www.nominette.no\/blog\/wp-content\/uploads\/2020\/11\/Label-plaatsen-nominette-DIY1-laag-1024x683.jpg 1024w, https:\/\/www.nominette.no\/blog\/wp-content\/uploads\/2020\/11\/Label-plaatsen-nominette-DIY1-laag-300x200.jpg 300w, https:\/\/www.nominette.no\/blog\/wp-content\/uploads\/2020\/11\/Label-plaatsen-nominette-DIY1-laag-768x512.jpg 768w, https:\/\/www.nominette.no\/blog\/wp-content\/uploads\/2020\/11\/Label-plaatsen-nominette-DIY1-laag-1536x1024.jpg 1536w, https:\/\/www.nominette.no\/blog\/wp-content\/uploads\/2020\/11\/Label-plaatsen-nominette-DIY1-laag-2048x1365.jpg 2048w, https:\/\/www.nominette.no\/blog\/wp-content\/uploads\/2020\/11\/Label-plaatsen-nominette-DIY1-laag-250x167.jpg 250w, https:\/\/www.nominette.no\/blog\/wp-content\/uploads\/2020\/11\/Label-plaatsen-nominette-DIY1-laag-550x367.jpg 550w, https:\/\/www.nominette.no\/blog\/wp-content\/uploads\/2020\/11\/Label-plaatsen-nominette-DIY1-laag-800x533.jpg 800w, https:\/\/www.nominette.no\/blog\/wp-content\/uploads\/2020\/11\/Label-plaatsen-nominette-DIY1-laag-270x180.jpg 270w, https:\/\/www.nominette.no\/blog\/wp-content\/uploads\/2020\/11\/Label-plaatsen-nominette-DIY1-laag-450x300.jpg 450w, https:\/\/www.nominette.no\/blog\/wp-content\/uploads\/2020\/11\/Label-plaatsen-nominette-DIY1-laag-750x500.jpg 750w\" sizes=\"auto, (max-width: 1024px) 100vw, 1024px\" \/><figcaption> Etikett med sidebrett <\/figcaption><\/figure>\n\n\n\n<h3 class=\"wp-block-heading\"><strong>Etikett med midtbrett<\/strong><\/h3>\n\n\n\n<p>En midtbrettet etikett festes i en s\u00f8m p\u00e5 et produkt eller et klesplagg, for eksempel i en side p\u00e5 et putetrekk. Etter at du har brettet etiketten p\u00e5 midten (for eksempel ved hjelp av et strykejern) er det nok s\u00f8mrom til \u00e5 feste etiketten i sides\u00f8mmen. Etiketten syes i samtidig med at du syr sides\u00f8mmen.\u00a0 <\/p>\n\n\n\n<figure class=\"wp-block-image size-large\"><img loading=\"lazy\" decoding=\"async\" width=\"326\" height=\"111\" src=\"https:\/\/www.nominette.no\/blog\/wp-content\/uploads\/2020\/11\/Label-met-middenvouw.png\" alt=\"Hvilken etikettype skal du velge?\" class=\"wp-image-9204\" srcset=\"https:\/\/www.nominette.no\/blog\/wp-content\/uploads\/2020\/11\/Label-met-middenvouw.png 326w, https:\/\/www.nominette.no\/blog\/wp-content\/uploads\/2020\/11\/Label-met-middenvouw-300x102.png 300w, https:\/\/www.nominette.no\/blog\/wp-content\/uploads\/2020\/11\/Label-met-middenvouw-250x85.png 250w\" sizes=\"auto, (max-width: 326px) 100vw, 326px\" \/><\/figure>\n\n\n\n<figure class=\"wp-block-image size-large\"><img loading=\"lazy\" decoding=\"async\" width=\"710\" height=\"420\" src=\"https:\/\/www.nominette.no\/blog\/wp-content\/uploads\/2020\/11\/huppekee.jpg\" alt=\"Hvilken etikettype skal du velge?\" class=\"wp-image-9183\" srcset=\"https:\/\/www.nominette.no\/blog\/wp-content\/uploads\/2020\/11\/huppekee.jpg 710w, https:\/\/www.nominette.no\/blog\/wp-content\/uploads\/2020\/11\/huppekee-300x177.jpg 300w, https:\/\/www.nominette.no\/blog\/wp-content\/uploads\/2020\/11\/huppekee-250x148.jpg 250w, https:\/\/www.nominette.no\/blog\/wp-content\/uploads\/2020\/11\/huppekee-550x325.jpg 550w, https:\/\/www.nominette.no\/blog\/wp-content\/uploads\/2020\/11\/huppekee-304x180.jpg 304w, https:\/\/www.nominette.no\/blog\/wp-content\/uploads\/2020\/11\/huppekee-507x300.jpg 507w\" sizes=\"auto, (max-width: 710px) 100vw, 710px\" \/><figcaption> Eksempel p\u00e5 en pute<\/figcaption><\/figure>\n\n\n\n<h3 class=\"wp-block-heading\"><strong>Midtbrett: Liggende eller st\u00e5ende etikett?<\/strong><\/h3>\n\n\n\n<p>Med en midtbrettet etikett kan du velge mellom en liggende eller st\u00e5ende etikett. Hva er s\u00e5 forskjellen mellom disse? \u00a0P\u00e5 en liggende etikett veves logo og\/ eller tekst langsetter etiketten. P\u00e5 en st\u00e5ende etikett veves logo og\/ eller tekst p\u00e5 tvers.<\/p>\n\n\n\n<figure class=\"wp-block-image size-large\"><img loading=\"lazy\" decoding=\"async\" width=\"468\" height=\"319\" src=\"https:\/\/www.nominette.no\/blog\/wp-content\/uploads\/2020\/11\/middenvouw-liggend-en-staand-1.jpg\" alt=\"Hvilken etikettype skal du velge?\" class=\"wp-image-9258\" srcset=\"https:\/\/www.nominette.no\/blog\/wp-content\/uploads\/2020\/11\/middenvouw-liggend-en-staand-1.jpg 468w, https:\/\/www.nominette.no\/blog\/wp-content\/uploads\/2020\/11\/middenvouw-liggend-en-staand-1-300x204.jpg 300w, https:\/\/www.nominette.no\/blog\/wp-content\/uploads\/2020\/11\/middenvouw-liggend-en-staand-1-250x170.jpg 250w, https:\/\/www.nominette.no\/blog\/wp-content\/uploads\/2020\/11\/middenvouw-liggend-en-staand-1-264x180.jpg 264w, https:\/\/www.nominette.no\/blog\/wp-content\/uploads\/2020\/11\/middenvouw-liggend-en-staand-1-440x300.jpg 440w\" sizes=\"auto, (max-width: 468px) 100vw, 468px\" \/><figcaption> Liggende og st\u00e5ende etikett <\/figcaption><\/figure>\n\n\n\n<p>N\u00e5r du vet hvordan du vil utforme etiketten din og har valgt etikettype, kan du g\u00e5 videre med designet. Hvis du fortsatt er usikker p\u00e5 hvilken etikettype du \u00f8nsker, for eksempel med eller uten logo kan du lese bloggen v\u00e5r \u00abHvilken etikettype skal jeg velge?\u00bb Der forklarer vi n\u00e6rmere om de forskjellige etikettene. <\/p>\n\n\n\n<p>Har du andre sp\u00f8rsm\u00e5l du ikke finner svar p\u00e5 her? Kontakt kundeservice p\u00e5 924 46\u00a0467, p\u00e5 e-post <a href=\"mailto:info@nominette.no\">info@nominette.no<\/a>, eller send oss \u200b\u200ben melding p\u00e5 <a href=\"https:\/\/www.instagram.com\/nominette_labels\" target=\"_blank\" rel=\"noreferrer noopener\" aria-label=\"Instagram (opens in a new tab)\">Instagram<\/a>. S\u00e5 hjelper vi deg gjerne. <\/p>\n","protected":false},"excerpt":{"rendered":"<p>Du har ditt eget klesmerke, butikk eller nettbutikk, eller s\u00e5 er du bare kreativ og \u00f8nsker \u00e5 ha egne vevde etiketter i produktene dine. Flott, siden dette gj\u00f8r produktene dine mer igjenkjennbare og profesjonelle. Men hvilken etikettype skal du velge? Hva b\u00f8r du ta hensyn til n\u00e5r du velger etikettype? Vi hjelper deg gjerne med&hellip;<\/p>\n","protected":false},"author":1,"featured_media":9285,"comment_status":"open","ping_status":"open","sticky":false,"template":"","format":"standard","meta":{"footnotes":""},"categories":[512],"tags":[510,511],"class_list":["post-9284","post","type-post","status-publish","format-standard","has-post-thumbnail","hentry","category-faq-8","tag-etikettype","tag-faq-7"],"yoast_head":"<!-- This site is optimized with the Yoast SEO plugin v24.7 - https:\/\/yoast.com\/wordpress\/plugins\/seo\/ -->\n<title>Hvilken etikettype skal du velge? - Nominette<\/title>\n<meta name=\"description\" content=\"Du skal designe din egen etikett. Men hvilken etikettype skal du velge? Og hva skal du ta hensyn til? Vi forklarer gjerne\" \/>\n<meta name=\"robots\" content=\"index, follow, max-snippet:-1, max-image-preview:large, max-video-preview:-1\" \/>\n<link rel=\"canonical\" href=\"https:\/\/www.nominette.no\/blog\/faq-8\/hvilken-etikettype-skal-du-velge\" \/>\n<meta property=\"og:locale\" content=\"nb_NO\" \/>\n<meta property=\"og:type\" content=\"article\" \/>\n<meta property=\"og:title\" content=\"Hvilken etikettype skal du velge? - Nominette\" \/>\n<meta property=\"og:description\" content=\"Du skal designe din egen etikett. Men hvilken etikettype skal du velge? Og hva skal du ta hensyn til? Vi forklarer gjerne\" \/>\n<meta property=\"og:url\" content=\"https:\/\/www.nominette.no\/blog\/faq-8\/hvilken-etikettype-skal-du-velge\" \/>\n<meta property=\"og:site_name\" content=\"Nominette\" \/>\n<meta property=\"article:publisher\" content=\"https:\/\/www.facebook.com\/Nominette\" \/>\n<meta property=\"article:published_time\" content=\"2020-11-10T14:01:15+00:00\" \/>\n<meta property=\"article:modified_time\" content=\"2020-11-10T14:01:16+00:00\" \/>\n<meta property=\"og:image\" content=\"https:\/\/www.nominette.no\/blog\/wp-content\/uploads\/2020\/11\/Label-plaatsen-nominette-DIY5-laag-6-scaled.jpg\" \/>\n\t<meta property=\"og:image:width\" content=\"2560\" \/>\n\t<meta property=\"og:image:height\" content=\"1707\" \/>\n\t<meta property=\"og:image:type\" content=\"image\/jpeg\" \/>\n<meta name=\"author\" content=\"Nominette\" \/>\n<meta name=\"twitter:card\" content=\"summary_large_image\" \/>\n<meta name=\"twitter:creator\" content=\"@nominette\" \/>\n<meta name=\"twitter:site\" content=\"@nominette\" \/>\n<meta name=\"twitter:label1\" content=\"Written by\" \/>\n\t<meta name=\"twitter:data1\" content=\"Nominette\" \/>\n\t<meta name=\"twitter:label2\" content=\"Est. reading time\" \/>\n\t<meta name=\"twitter:data2\" content=\"2 minutes\" \/>\n<script type=\"application\/ld+json\" class=\"yoast-schema-graph\">{\"@context\":\"https:\/\/schema.org\",\"@graph\":[{\"@type\":\"WebPage\",\"@id\":\"https:\/\/www.nominette.no\/blog\/faq-8\/hvilken-etikettype-skal-du-velge\",\"url\":\"https:\/\/www.nominette.no\/blog\/faq-8\/hvilken-etikettype-skal-du-velge\",\"name\":\"Hvilken etikettype skal du velge? - Nominette\",\"isPartOf\":{\"@id\":\"https:\/\/www.nominette.no\/blog#website\"},\"primaryImageOfPage\":{\"@id\":\"https:\/\/www.nominette.no\/blog\/faq-8\/hvilken-etikettype-skal-du-velge#primaryimage\"},\"image\":{\"@id\":\"https:\/\/www.nominette.no\/blog\/faq-8\/hvilken-etikettype-skal-du-velge#primaryimage\"},\"thumbnailUrl\":\"https:\/\/www.nominette.no\/blog\/wp-content\/uploads\/2020\/11\/Label-plaatsen-nominette-DIY5-laag-6-scaled.jpg\",\"datePublished\":\"2020-11-10T14:01:15+00:00\",\"dateModified\":\"2020-11-10T14:01:16+00:00\",\"author\":{\"@id\":\"https:\/\/www.nominette.no\/blog#\/schema\/person\/365e9a7b5a80cfd63ce70841993dafc6\"},\"description\":\"Du skal designe din egen etikett. Men hvilken etikettype skal du velge? Og hva skal du ta hensyn til? Vi forklarer gjerne\",\"breadcrumb\":{\"@id\":\"https:\/\/www.nominette.no\/blog\/faq-8\/hvilken-etikettype-skal-du-velge#breadcrumb\"},\"inLanguage\":\"nb-NO\",\"potentialAction\":[{\"@type\":\"ReadAction\",\"target\":[\"https:\/\/www.nominette.no\/blog\/faq-8\/hvilken-etikettype-skal-du-velge\"]}]},{\"@type\":\"ImageObject\",\"inLanguage\":\"nb-NO\",\"@id\":\"https:\/\/www.nominette.no\/blog\/faq-8\/hvilken-etikettype-skal-du-velge#primaryimage\",\"url\":\"https:\/\/www.nominette.no\/blog\/wp-content\/uploads\/2020\/11\/Label-plaatsen-nominette-DIY5-laag-6-scaled.jpg\",\"contentUrl\":\"https:\/\/www.nominette.no\/blog\/wp-content\/uploads\/2020\/11\/Label-plaatsen-nominette-DIY5-laag-6-scaled.jpg\",\"width\":2560,\"height\":1707,\"caption\":\"Hvilken etikettype skal du velge?\"},{\"@type\":\"BreadcrumbList\",\"@id\":\"https:\/\/www.nominette.no\/blog\/faq-8\/hvilken-etikettype-skal-du-velge#breadcrumb\",\"itemListElement\":[{\"@type\":\"ListItem\",\"position\":1,\"name\":\"Home\",\"item\":\"https:\/\/www.nominette.no\/blog\"},{\"@type\":\"ListItem\",\"position\":2,\"name\":\"Hvilken etikettype skal du velge?\"}]},{\"@type\":\"WebSite\",\"@id\":\"https:\/\/www.nominette.no\/blog#website\",\"url\":\"https:\/\/www.nominette.no\/blog\",\"name\":\"Nominette\",\"description\":\"gepersonaliseerde labels voor handgemaakte spulletjes\",\"potentialAction\":[{\"@type\":\"SearchAction\",\"target\":{\"@type\":\"EntryPoint\",\"urlTemplate\":\"https:\/\/www.nominette.no\/blog?s={search_term_string}\"},\"query-input\":{\"@type\":\"PropertyValueSpecification\",\"valueRequired\":true,\"valueName\":\"search_term_string\"}}],\"inLanguage\":\"nb-NO\"},{\"@type\":\"Person\",\"@id\":\"https:\/\/www.nominette.no\/blog#\/schema\/person\/365e9a7b5a80cfd63ce70841993dafc6\",\"name\":\"Nominette\",\"image\":{\"@type\":\"ImageObject\",\"inLanguage\":\"nb-NO\",\"@id\":\"https:\/\/www.nominette.no\/blog#\/schema\/person\/image\/\",\"url\":\"https:\/\/secure.gravatar.com\/avatar\/6ab92dc068d690f939e3a4dc1373a3030899b42a58fd9e031f614af68b9db652?s=96&d=mm&r=g\",\"contentUrl\":\"https:\/\/secure.gravatar.com\/avatar\/6ab92dc068d690f939e3a4dc1373a3030899b42a58fd9e031f614af68b9db652?s=96&d=mm&r=g\",\"caption\":\"Nominette\"},\"url\":\"https:\/\/www.nominette.no\/blog\/author\/nominette\"}]}<\/script>\n<!-- \/ Yoast SEO plugin. -->","yoast_head_json":{"title":"Hvilken etikettype skal du velge? - Nominette","description":"Du skal designe din egen etikett. Men hvilken etikettype skal du velge? Og hva skal du ta hensyn til? Vi forklarer gjerne","robots":{"index":"index","follow":"follow","max-snippet":"max-snippet:-1","max-image-preview":"max-image-preview:large","max-video-preview":"max-video-preview:-1"},"canonical":"https:\/\/www.nominette.no\/blog\/faq-8\/hvilken-etikettype-skal-du-velge","og_locale":"nb_NO","og_type":"article","og_title":"Hvilken etikettype skal du velge? - Nominette","og_description":"Du skal designe din egen etikett. Men hvilken etikettype skal du velge? Og hva skal du ta hensyn til? Vi forklarer gjerne","og_url":"https:\/\/www.nominette.no\/blog\/faq-8\/hvilken-etikettype-skal-du-velge","og_site_name":"Nominette","article_publisher":"https:\/\/www.facebook.com\/Nominette","article_published_time":"2020-11-10T14:01:15+00:00","article_modified_time":"2020-11-10T14:01:16+00:00","og_image":[{"width":2560,"height":1707,"url":"https:\/\/www.nominette.no\/blog\/wp-content\/uploads\/2020\/11\/Label-plaatsen-nominette-DIY5-laag-6-scaled.jpg","type":"image\/jpeg"}],"author":"Nominette","twitter_card":"summary_large_image","twitter_creator":"@nominette","twitter_site":"@nominette","twitter_misc":{"Written by":"Nominette","Est. reading time":"2 minutes"},"schema":{"@context":"https:\/\/schema.org","@graph":[{"@type":"WebPage","@id":"https:\/\/www.nominette.no\/blog\/faq-8\/hvilken-etikettype-skal-du-velge","url":"https:\/\/www.nominette.no\/blog\/faq-8\/hvilken-etikettype-skal-du-velge","name":"Hvilken etikettype skal du velge? - Nominette","isPartOf":{"@id":"https:\/\/www.nominette.no\/blog#website"},"primaryImageOfPage":{"@id":"https:\/\/www.nominette.no\/blog\/faq-8\/hvilken-etikettype-skal-du-velge#primaryimage"},"image":{"@id":"https:\/\/www.nominette.no\/blog\/faq-8\/hvilken-etikettype-skal-du-velge#primaryimage"},"thumbnailUrl":"https:\/\/www.nominette.no\/blog\/wp-content\/uploads\/2020\/11\/Label-plaatsen-nominette-DIY5-laag-6-scaled.jpg","datePublished":"2020-11-10T14:01:15+00:00","dateModified":"2020-11-10T14:01:16+00:00","author":{"@id":"https:\/\/www.nominette.no\/blog#\/schema\/person\/365e9a7b5a80cfd63ce70841993dafc6"},"description":"Du skal designe din egen etikett. Men hvilken etikettype skal du velge? Og hva skal du ta hensyn til? Vi forklarer gjerne","breadcrumb":{"@id":"https:\/\/www.nominette.no\/blog\/faq-8\/hvilken-etikettype-skal-du-velge#breadcrumb"},"inLanguage":"nb-NO","potentialAction":[{"@type":"ReadAction","target":["https:\/\/www.nominette.no\/blog\/faq-8\/hvilken-etikettype-skal-du-velge"]}]},{"@type":"ImageObject","inLanguage":"nb-NO","@id":"https:\/\/www.nominette.no\/blog\/faq-8\/hvilken-etikettype-skal-du-velge#primaryimage","url":"https:\/\/www.nominette.no\/blog\/wp-content\/uploads\/2020\/11\/Label-plaatsen-nominette-DIY5-laag-6-scaled.jpg","contentUrl":"https:\/\/www.nominette.no\/blog\/wp-content\/uploads\/2020\/11\/Label-plaatsen-nominette-DIY5-laag-6-scaled.jpg","width":2560,"height":1707,"caption":"Hvilken etikettype skal du velge?"},{"@type":"BreadcrumbList","@id":"https:\/\/www.nominette.no\/blog\/faq-8\/hvilken-etikettype-skal-du-velge#breadcrumb","itemListElement":[{"@type":"ListItem","position":1,"name":"Home","item":"https:\/\/www.nominette.no\/blog"},{"@type":"ListItem","position":2,"name":"Hvilken etikettype skal du velge?"}]},{"@type":"WebSite","@id":"https:\/\/www.nominette.no\/blog#website","url":"https:\/\/www.nominette.no\/blog","name":"Nominette","description":"gepersonaliseerde labels voor handgemaakte spulletjes","potentialAction":[{"@type":"SearchAction","target":{"@type":"EntryPoint","urlTemplate":"https:\/\/www.nominette.no\/blog?s={search_term_string}"},"query-input":{"@type":"PropertyValueSpecification","valueRequired":true,"valueName":"search_term_string"}}],"inLanguage":"nb-NO"},{"@type":"Person","@id":"https:\/\/www.nominette.no\/blog#\/schema\/person\/365e9a7b5a80cfd63ce70841993dafc6","name":"Nominette","image":{"@type":"ImageObject","inLanguage":"nb-NO","@id":"https:\/\/www.nominette.no\/blog#\/schema\/person\/image\/","url":"https:\/\/secure.gravatar.com\/avatar\/6ab92dc068d690f939e3a4dc1373a3030899b42a58fd9e031f614af68b9db652?s=96&d=mm&r=g","contentUrl":"https:\/\/secure.gravatar.com\/avatar\/6ab92dc068d690f939e3a4dc1373a3030899b42a58fd9e031f614af68b9db652?s=96&d=mm&r=g","caption":"Nominette"},"url":"https:\/\/www.nominette.no\/blog\/author\/nominette"}]}},"_links":{"self":[{"href":"https:\/\/www.nominette.no\/blog\/wp-json\/wp\/v2\/posts\/9284","targetHints":{"allow":["GET"]}}],"collection":[{"href":"https:\/\/www.nominette.no\/blog\/wp-json\/wp\/v2\/posts"}],"about":[{"href":"https:\/\/www.nominette.no\/blog\/wp-json\/wp\/v2\/types\/post"}],"author":[{"embeddable":true,"href":"https:\/\/www.nominette.no\/blog\/wp-json\/wp\/v2\/users\/1"}],"replies":[{"embeddable":true,"href":"https:\/\/www.nominette.no\/blog\/wp-json\/wp\/v2\/comments?post=9284"}],"version-history":[{"count":1,"href":"https:\/\/www.nominette.no\/blog\/wp-json\/wp\/v2\/posts\/9284\/revisions"}],"predecessor-version":[{"id":9290,"href":"https:\/\/www.nominette.no\/blog\/wp-json\/wp\/v2\/posts\/9284\/revisions\/9290"}],"wp:featuredmedia":[{"embeddable":true,"href":"https:\/\/www.nominette.no\/blog\/wp-json\/wp\/v2\/media\/9285"}],"wp:attachment":[{"href":"https:\/\/www.nominette.no\/blog\/wp-json\/wp\/v2\/media?parent=9284"}],"wp:term":[{"taxonomy":"category","embeddable":true,"href":"https:\/\/www.nominette.no\/blog\/wp-json\/wp\/v2\/categories?post=9284"},{"taxonomy":"post_tag","embeddable":true,"href":"https:\/\/www.nominette.no\/blog\/wp-json\/wp\/v2\/tags?post=9284"}],"curies":[{"name":"wp","href":"https:\/\/api.w.org\/{rel}","templated":true}]}}